{"id":183,"date":"2008-12-28T12:17:00","date_gmt":"2008-12-28T12:17:00","guid":{"rendered":"http:\/\/www.medienkulturraum.at\/wordpress\/?p=183"},"modified":"2023-05-03T09:30:13","modified_gmt":"2023-05-03T09:30:13","slug":"medien-und-nachhaltigkeit","status":"publish","type":"post","link":"https:\/\/www.medienkulturraum.at\/?p=183","title":{"rendered":"Medien und Nachhaltigkeit"},"content":{"rendered":"\n<p>Im Rahmen des Projekts \u201eMedien &amp; Nachhaltigkeit\u201c soll der Frage nachgegangen werden, welche Rolle Medien (Rundfunk, Printmedien und Internet) auf dem Weg zu einer Kultur der Nachhaltigkeit einnehmen k\u00f6nnen, wollen und\/oder sollen. Daf\u00fcr werden ausgew\u00e4hlte JournalistInnen mittels teilstrukturierter Tiefeninterviews dazu befragt, was sie unter dem Begriff \u201eNachhaltigkeit\u201c verstehen, wie sie die Kommunikation \u00fcber Nachhaltigkeit in ihrem beruflichen Alltag umsetzen sowie welche Chancen und Potentiale sie f\u00fcr einen Journalismus, der sich mit Themen der Nachhaltigkeit besch\u00e4ftigt, sehen.<\/p>\n\n\n\n<p><a href=\"https:\/\/www.medienkulturraum.at\/wp-content\/uploads\/2023\/03\/MENA-Forschungsbericht-V.0.2.pdf\" target=\"_blank\" rel=\"noopener\" title=\"\">Forschungsbericht<\/a><\/p>\n\n\n\n<p><strong>Auftraggeber<\/strong><\/p>\n\n\n\n<p><a rel=\"noreferrer noopener\" href=\"http:\/\/www.lebensministerium.at\/\" target=\"_blank\">Lebensministerium<\/a><br>Bundesministerium f\u00fcr Land- und Forstwirtschaft,<br>Umwelt und Wasserwirtschaft<\/p>\n\n\n\n<p><strong>Laufzeit<\/strong><\/p>\n\n\n\n<p>Dezember 2007 &#8211; Dezember 2008<\/p>\n\n\n\n<p>Ao.Univ.-Prof. Dr.in Larissa Krainer (wiss. Projektleitung)<br>Ao.Univ.-Prof. Dr.in Brigitte Hipfl (wiss. Projektleitung)<br>Dr.<sup>in<\/sup> Isabella Terkl (wiss. Projektmitarbeiterin)<br>Mag.<sup>a<\/sup> <em>Dr.\u00a0<sup>in<\/sup><\/em>\u00a0Bettina Pirker (wiss. Projektmitarbeiterin)<\/p>\n\n\n\n<p><strong><a href=\"https:\/\/www.aau.at\/universitaet\/organisation\/fakultaeten-institute-zentren\/\">KooperationspartnerInnen<\/a><\/strong><\/p>\n\n\n\n<p>Institut f\u00fcr Interventionsforschung und Kulturelle Nachhaltigkeit der Alpen-Adria-Universit\u00e4t Klagenfurt<\/p>\n\n\n\n<div style=\"height:0px\" aria-hidden=\"true\" class=\"wp-block-spacer\"><\/div>\n\n\n\n<p>Institut f\u00fcr Medien- und Kommunikationswissenschaft der Alpen-Adria-Universit\u00e4t Klagenfurt<\/p>\n","protected":false},"excerpt":{"rendered":"<p>Im Rahmen des Projekts \u201eMedien &amp; Nachhaltigkeit\u201c soll der Frage nachgegangen werden, welche Rolle Medien (Rundfunk, Printmedien und Internet) auf dem Weg zu einer Kultur der Nachhaltigkeit einnehmen k\u00f6nnen, wollen und\/oder sollen. Daf\u00fcr werden ausgew\u00e4hlte JournalistInnen mittels teilstrukturierter Tiefeninterviews dazu befragt, was sie unter dem Begriff \u201eNachhaltigkeit\u201c verstehen, wie sie die Kommunikation \u00fcber Nachhaltigkeit in &#8230; <a title=\"Medien und Nachhaltigkeit\" class=\"read-more\" href=\"https:\/\/www.medienkulturraum.at\/?p=183\" aria-label=\"Read more about Medien und Nachhaltigkeit\">Read more<\/a><\/p>\n","protected":false},"author":1,"featured_media":0,"comment_status":"closed","ping_status":"closed","sticky":false,"template":"","format":"standard","meta":{"om_disable_all_campaigns":false,"_monsterinsights_skip_tracking":false,"_monsterinsights_sitenote_active":false,"_monsterinsights_sitenote_note":"","_monsterinsights_sitenote_category":0,"footnotes":""},"categories":[6,5],"tags":[33,9,15,31,28,32],"class_list":["post-183","post","type-post","status-publish","format-standard","hentry","category-forschung","category-projekte","tag-bettina-pirker","tag-kommunikation","tag-kultur","tag-medien","tag-medienbildung","tag-nachhaltigkeit"],"aioseo_notices":[],"_links":{"self":[{"href":"https:\/\/www.medienkulturraum.at\/index.php?rest_route=\/wp\/v2\/posts\/183","targetHints":{"allow":["GET"]}}],"collection":[{"href":"https:\/\/www.medienkulturraum.at\/index.php?rest_route=\/wp\/v2\/posts"}],"about":[{"href":"https:\/\/www.medienkulturraum.at\/index.php?rest_route=\/wp\/v2\/types\/post"}],"author":[{"embeddable":true,"href":"https:\/\/www.medienkulturraum.at\/index.php?rest_route=\/wp\/v2\/users\/1"}],"replies":[{"embeddable":true,"href":"https:\/\/www.medienkulturraum.at\/index.php?rest_route=%2Fwp%2Fv2%2Fcomments&post=183"}],"version-history":[{"count":6,"href":"https:\/\/www.medienkulturraum.at\/index.php?rest_route=\/wp\/v2\/posts\/183\/revisions"}],"predecessor-version":[{"id":645,"href":"https:\/\/www.medienkulturraum.at\/index.php?rest_route=\/wp\/v2\/posts\/183\/revisions\/645"}],"wp:attachment":[{"href":"https:\/\/www.medienkulturraum.at\/index.php?rest_route=%2Fwp%2Fv2%2Fmedia&parent=183"}],"wp:term":[{"taxonomy":"category","embeddable":true,"href":"https:\/\/www.medienkulturraum.at\/index.php?rest_route=%2Fwp%2Fv2%2Fcategories&post=183"},{"taxonomy":"post_tag","embeddable":true,"href":"https:\/\/www.medienkulturraum.at\/index.php?rest_route=%2Fwp%2Fv2%2Ftags&post=183"}],"curies":[{"name":"wp","href":"https:\/\/api.w.org\/{rel}","templated":true}]}}